{"id":18,"date":"2026-08-12T19:10:35","date_gmt":"2026-08-12T19:10:35","guid":{"rendered":"https:\/\/elevatedmind.com.br\/blog\/?p=18"},"modified":"2026-08-13T16:44:48","modified_gmt":"2026-08-13T16:44:48","slug":"escova-secadora-e-secador","status":"publish","type":"post","link":"https:\/\/elevatedmind.com.br\/blog\/escova-secadora-e-secador\/","title":{"rendered":"Comprei a mesma escova secadora duas vezes \u2014 e n\u00e3o me arrependo"},"content":{"rendered":"<p class=\"intro\">Na minha inf\u00e2ncia, a hora de pentear o cabelo era um evento \u2014 e n\u00e3o dos bons. Minha m\u00e3e que o diga. Eu odiava. Parte porque ficar sentada e parada era um saco, parte porque o meu cabelo em atrito com a escova do\u00eda de verdade. Sabe Deus como do\u00eda o meu couro cabeludo.<\/p>\n<p>Foi por causa disso que, ainda muito nova, eu decidi que ia cuidar do meu cabelo sozinha. E \u00e9 a\u00ed que come\u00e7a a minha jornada capilar \u2014 que continua at\u00e9 hoje, s\u00f3 que com bem menos drama.<\/p>\n<h2>Escovado quase sempre, natural quando d\u00e1 vontade<\/h2>\n<p>Hoje eu sigo com o cabelo escovado na maior parte do tempo, mas de vez em quando gosto de deixar ao natural. Essa liberdade de transitar entre texturas \u00e9 o que me deixa confort\u00e1vel \u2014 n\u00e3o gosto de me sentir presa a um \u00fanico visual.<\/p>\n<p>S\u00f3 que essa liberdade tem um custo pr\u00e1tico: se escovar d\u00e1 trabalho demais, eu simplesmente n\u00e3o escovo. Ent\u00e3o a minha busca sempre foi por aparelhos que me deixassem fazer isso <strong>r\u00e1pido e sem sofrimento<\/strong>. E foi assim que a escova secadora entrou na minha vida.<\/p>\n<h2>A prova real: estou na segunda unidade<\/h2>\n<p>Eu j\u00e1 estou na minha segunda escova secadora da mesma linha. A primeira durou uns quatro anos e meio, se n\u00e3o me engano \u2014 e n\u00e3o morreu de burrice: meu cabelo \u00e9 grosso, e com o tempo as cerdas foram se desgastando. Para um aparelho que trabalha com calor e atrito quase toda semana, eu acho um tempo de vida bem honesto.<\/p>\n<blockquote><p>Quando chegou a hora de trocar, eu nem pesquisei outra. Voltei na mesma linha \u2014 e \u00e9 isso que eu chamo de recomenda\u00e7\u00e3o de verdade.<\/p><\/blockquote>\n<h2>Por que essa linha, especificamente<\/h2>\n<p>Confesso que eu n\u00e3o tinha as melhores opini\u00f5es sobre a Mondial. Essa linha me fez reavaliar. E n\u00e3o \u00e9 por firula de marketing \u2014 s\u00e3o tr\u00eas detalhes de projeto que a gente s\u00f3 percebe usando:<\/p>\n<h3>1. O fio \u00e9 longo de verdade<\/h3>\n<p>Parece bobagem at\u00e9 voc\u00ea tentar escovar a nuca com um cabo curto. O comprimento do fio d\u00e1 liberdade para movimentar a escova sem ficar puxando a tomada ou torcendo o bra\u00e7o. D\u00e1 para sentir que quem desenhou isso j\u00e1 escovou muito cabelo \u2014 o design foi pensado por uma cabeleireira, e isso fica claro.<\/p>\n<h3>2. A pe\u00e7a de descanso<\/h3>\n<p>Esse \u00e9 o detalhe que eu mais amo e que quase ningu\u00e9m comenta. Enquanto voc\u00ea separa a pr\u00f3xima mecha, precisa apoiar a escova em algum lugar \u2014 e apoiar uma escova quente direto na pia ou na bancada deforma as cerdas. A pe\u00e7a de descanso resolve isso. \u00c9 pequena, \u00e9 simples, e \u00e9 ela que faz as cerdas durarem.<\/p>\n<h3>3. A temperatura<\/h3>\n<p>Para mim \u00e9 excelente. Com ela eu consigo pegar o cabelo \u00famido e chegar em quase seco \u2014 escovado e modelado \u2014 em uns <strong>40 minutos<\/strong>. Considerando que estamos falando de cabelo grosso, esse tempo \u00e9 o que torna a coisa vi\u00e1vel num dia comum.<\/p>\n<div class=\"rec-box\">\n        <span class=\"rec-label\">O que eu uso<\/span><\/p>\n<h4>Escova Secadora Mondial Juliette Qu4tro Elementos<\/h4>\n<p>\u00c9 a minha segunda unidade da mesma linha \u2014 a primeira durou uns quatro anos e meio. Fio longo, pe\u00e7a de descanso que preserva as cerdas e temperatura que d\u00e1 conta de cabelo grosso. A minha recomenda\u00e7\u00e3o \u00e9 curta: compre.<\/p>\n<p>        <a href=\"https:\/\/meli.la\/2HDSP1b\" class=\"btn-lime\" rel=\"sponsored nofollow noopener\" target=\"_blank\">Ver no Mercado Livre <span class=\"circle\"><svg viewBox=\"0 0 24 24\" fill=\"none\" stroke-width=\"2.4\" stroke-linecap=\"round\" stroke-linejoin=\"round\"><path d=\"M7 17 17 7M9 7h8v8\"\/><\/svg><\/span><\/a>\n      <\/div>\n<h2>E o secador? Ele \u00e9 o parceiro, n\u00e3o o protagonista<\/h2>\n<p>Na maior parte dos dias eu deixo o cabelo secar ao natural. O secador entra em duas situa\u00e7\u00f5es: quando eu preciso secar o cabelo em cinco minutos, e quando quero preparar o terreno para usar a escova secadora.<\/p>\n<p>E aqui vale a mesma l\u00f3gica do fio longo \u2014 o cabo dele segue esse pensamento, o que faz diferen\u00e7a real na hora de movimentar. \u00c9 um aparelho profissional, e a pot\u00eancia aparece.<\/p>\n<h3>O que eu n\u00e3o fa\u00e7o bem com ele<\/h3>\n<p>Sendo honesta: eu sou canhota, e a minha habilidade de <em>modelar<\/em> com secador \u00e9 bem question\u00e1vel. N\u00e3o \u00e9 defeito do aparelho \u2014 \u00e9 limita\u00e7\u00e3o minha mesmo. Ent\u00e3o se o seu objetivo \u00e9 escovar modelando s\u00f3 com secador e escova comum, eu n\u00e3o sou a melhor refer\u00eancia. Para secar e para dar suporte \u00e0 escova secadora, ele cumpre com folga.<\/p>\n<h2>Um aviso importante sobre calor<\/h2>\n<p>Esse secador esquenta. <strong>Esquenta muito.<\/strong> Meu pai do c\u00e9u, o bicho \u00e9 quente. Ent\u00e3o vai aqui o conselho mais importante deste texto: tenha um <strong>protetor t\u00e9rmico bom<\/strong> e use sempre. N\u00e3o \u00e9 opcional quando se trabalha com aparelho profissional \u2014 \u00e9 o que separa o cabelo bonito do cabelo ressecado daqui a seis meses.<\/p>\n<div class=\"rec-box\">\n        <span class=\"rec-label\">O que eu uso<\/span><\/p>\n<h4>Secador Taiff Tourmaline 2100w<\/h4>\n<p>Potente de verdade \u2014 seca em poucos minutos e prepara o cabelo para a escova secadora. Cabo longo, acabamento profissional. S\u00f3 n\u00e3o esque\u00e7a o protetor t\u00e9rmico: ele esquenta bastante.<\/p>\n<p>        <a href=\"https:\/\/meli.la\/21etdUh\" class=\"btn-lime\" rel=\"sponsored nofollow noopener\" target=\"_blank\">Ver no Mercado Livre <span class=\"circle\"><svg viewBox=\"0 0 24 24\" fill=\"none\" stroke-width=\"2.4\" stroke-linecap=\"round\" stroke-linejoin=\"round\"><path d=\"M7 17 17 7M9 7h8v8\"\/><\/svg><\/span><\/a>\n      <\/div>\n<h2>Como os dois convivem aqui<\/h2>\n<ul>\n<li><strong>Dia sem pressa:<\/strong> seca natural, e pronto.<\/li>\n<li><strong>Dia de escovar:<\/strong> secador para tirar a maior parte da \u00e1gua, escova secadora para escovar e modelar.<\/li>\n<li><strong>Dia de correria:<\/strong> secador nos cinco minutos e segue o jogo.<\/li>\n<\/ul>\n<hr \/>\n<p>S\u00e3o esses dois que ficaram na minha rotina depois de muita tentativa e erro \u2014 e da menina que chorava para pentear o cabelo at\u00e9 aqui, eu diria que a gente evoluiu bastante.<\/p>\n<p>Beijos de luzes douradas! At\u00e9 a pr\u00f3xima. \u2728<\/p>\n","protected":false},"excerpt":{"rendered":"<p>A primeira durou quatro anos e meio. Por que voltei na mesma linha da Mondial Juliette e qual secador virou parceiro dela na minha rotina.<\/p>\n","protected":false},"author":1,"featured_media":31,"comment_status":"open","ping_status":"open","sticky":false,"template":"","format":"standard","meta":{"footnotes":""},"categories":[8],"tags":[],"class_list":["post-18","post","type-post","status-publish","format-standard","has-post-thumbnail","hentry","category-styling-capilar"],"aioseo_notices":[],"aioseo_head":"\n\t\t<!-- All in One SEO 5.0.0.1 - aioseo.com -->\n\t<meta name=\"description\" content=\"A primeira durou quatro anos e meio. Por que voltei na mesma linha da Mondial Juliette e qual secador virou parceiro dela na minha rotina.\" \/>\n\t<meta name=\"robots\" content=\"max-image-preview:large\" \/>\n\t<meta name=\"author\" content=\"julianadarochadesouza\"\/>\n\t<link rel=\"canonical\" href=\"https:\/\/elevatedmind.com.br\/blog\/escova-secadora-e-secador\/\" \/>\n\t<meta name=\"generator\" content=\"All in One SEO (AIOSEO) 5.0.0.1\" \/>\n\t\t<meta property=\"og:locale\" content=\"pt_BR\" \/>\n\t\t<meta property=\"og:site_name\" content=\"Elevated Mind -\" \/>\n\t\t<meta property=\"og:type\" content=\"article\" \/>\n\t\t<meta property=\"og:title\" content=\"Comprei a mesma escova secadora duas vezes \u2014 e n\u00e3o me arrependo - Elevated Mind\" \/>\n\t\t<meta property=\"og:description\" content=\"A primeira durou quatro anos e meio. Por que voltei na mesma linha da Mondial Juliette e qual secador virou parceiro dela na minha rotina.\" \/>\n\t\t<meta property=\"og:url\" content=\"https:\/\/elevatedmind.com.br\/blog\/escova-secadora-e-secador\/\" \/>\n\t\t<meta property=\"article:published_time\" content=\"2026-08-12T19:10:35+00:00\" \/>\n\t\t<meta property=\"article:modified_time\" content=\"2026-08-13T16:44:48+00:00\" \/>\n\t\t<meta name=\"twitter:card\" content=\"summary_large_image\" \/>\n\t\t<meta name=\"twitter:title\" content=\"Comprei a mesma escova secadora duas vezes \u2014 e n\u00e3o me arrependo - Elevated Mind\" \/>\n\t\t<meta name=\"twitter:description\" content=\"A primeira durou quatro anos e meio. Por que voltei na mesma linha da Mondial Juliette e qual secador virou parceiro dela na minha rotina.\" \/>\n\t\t<script type=\"application\/ld+json\" class=\"aioseo-schema\">\n\t\t\t{\"@context\":\"https:\\\/\\\/schema.org\",\"@graph\":[{\"@type\":\"BlogPosting\",\"@id\":\"https:\\\/\\\/elevatedmind.com.br\\\/blog\\\/escova-secadora-e-secador\\\/#blogposting\",\"name\":\"Comprei a mesma escova secadora duas vezes \\u2014 e n\\u00e3o me arrependo - Elevated Mind\",\"headline\":\"Comprei a mesma escova secadora duas vezes \\u2014 e n\\u00e3o me arrependo\",\"author\":{\"@id\":\"https:\\\/\\\/elevatedmind.com.br\\\/blog\\\/author\\\/julianadarochadesouza\\\/#author\"},\"publisher\":{\"@id\":\"https:\\\/\\\/elevatedmind.com.br\\\/blog\\\/#organization\"},\"image\":{\"@type\":\"ImageObject\",\"url\":\"https:\\\/\\\/elevatedmind.com.br\\\/blog\\\/wp-content\\\/uploads\\\/2026\\\/08\\\/Hair_dryer_brush_on_counter_202608131255.jpeg\",\"width\":2400,\"height\":1792},\"datePublished\":\"2026-08-12T19:10:35+00:00\",\"dateModified\":\"2026-08-13T16:44:48+00:00\",\"inLanguage\":\"pt-BR\",\"mainEntityOfPage\":{\"@id\":\"https:\\\/\\\/elevatedmind.com.br\\\/blog\\\/escova-secadora-e-secador\\\/#webpage\"},\"isPartOf\":{\"@id\":\"https:\\\/\\\/elevatedmind.com.br\\\/blog\\\/escova-secadora-e-secador\\\/#webpage\"},\"articleSection\":\"Styling Capilar\"},{\"@type\":\"BreadcrumbList\",\"@id\":\"https:\\\/\\\/elevatedmind.com.br\\\/blog\\\/escova-secadora-e-secador\\\/#breadcrumblist\",\"itemListElement\":[{\"@type\":\"ListItem\",\"@id\":\"https:\\\/\\\/elevatedmind.com.br\\\/blog#listItem\",\"position\":1,\"name\":\"Home\",\"item\":\"https:\\\/\\\/elevatedmind.com.br\\\/blog\",\"nextItem\":{\"@type\":\"ListItem\",\"@id\":\"https:\\\/\\\/elevatedmind.com.br\\\/blog\\\/category\\\/styling-capilar\\\/#listItem\",\"name\":\"Styling Capilar\"}},{\"@type\":\"ListItem\",\"@id\":\"https:\\\/\\\/elevatedmind.com.br\\\/blog\\\/category\\\/styling-capilar\\\/#listItem\",\"position\":2,\"name\":\"Styling Capilar\",\"item\":\"https:\\\/\\\/elevatedmind.com.br\\\/blog\\\/category\\\/styling-capilar\\\/\",\"nextItem\":{\"@type\":\"ListItem\",\"@id\":\"https:\\\/\\\/elevatedmind.com.br\\\/blog\\\/escova-secadora-e-secador\\\/#listItem\",\"name\":\"Comprei a mesma escova secadora duas vezes \\u2014 e n\\u00e3o me arrependo\"},\"previousItem\":{\"@type\":\"ListItem\",\"@id\":\"https:\\\/\\\/elevatedmind.com.br\\\/blog#listItem\",\"name\":\"Home\"}},{\"@type\":\"ListItem\",\"@id\":\"https:\\\/\\\/elevatedmind.com.br\\\/blog\\\/escova-secadora-e-secador\\\/#listItem\",\"position\":3,\"name\":\"Comprei a mesma escova secadora duas vezes \\u2014 e n\\u00e3o me arrependo\",\"previousItem\":{\"@type\":\"ListItem\",\"@id\":\"https:\\\/\\\/elevatedmind.com.br\\\/blog\\\/category\\\/styling-capilar\\\/#listItem\",\"name\":\"Styling Capilar\"}}]},{\"@type\":\"Organization\",\"@id\":\"https:\\\/\\\/elevatedmind.com.br\\\/blog\\\/#organization\",\"name\":\"Elevated Mind\",\"url\":\"https:\\\/\\\/elevatedmind.com.br\\\/blog\\\/\"},{\"@type\":\"Person\",\"@id\":\"https:\\\/\\\/elevatedmind.com.br\\\/blog\\\/author\\\/julianadarochadesouza\\\/#author\",\"url\":\"https:\\\/\\\/elevatedmind.com.br\\\/blog\\\/author\\\/julianadarochadesouza\\\/\",\"name\":\"julianadarochadesouza\",\"image\":{\"@type\":\"ImageObject\",\"@id\":\"https:\\\/\\\/elevatedmind.com.br\\\/blog\\\/escova-secadora-e-secador\\\/#authorImage\",\"url\":\"https:\\\/\\\/secure.gravatar.com\\\/avatar\\\/50af165a6fc0be071ecf24a6a80882e03b5d6b2f6d6984a6f12316016ff18914?s=96&d=mm&r=g\",\"width\":96,\"height\":96,\"caption\":\"julianadarochadesouza\"}},{\"@type\":\"WebPage\",\"@id\":\"https:\\\/\\\/elevatedmind.com.br\\\/blog\\\/escova-secadora-e-secador\\\/#webpage\",\"url\":\"https:\\\/\\\/elevatedmind.com.br\\\/blog\\\/escova-secadora-e-secador\\\/\",\"name\":\"Comprei a mesma escova secadora duas vezes \\u2014 e n\\u00e3o me arrependo - Elevated Mind\",\"description\":\"A primeira durou quatro anos e meio. Por que voltei na mesma linha da Mondial Juliette e qual secador virou parceiro dela na minha rotina.\",\"inLanguage\":\"pt-BR\",\"isPartOf\":{\"@id\":\"https:\\\/\\\/elevatedmind.com.br\\\/blog\\\/#website\"},\"breadcrumb\":{\"@id\":\"https:\\\/\\\/elevatedmind.com.br\\\/blog\\\/escova-secadora-e-secador\\\/#breadcrumblist\"},\"author\":{\"@id\":\"https:\\\/\\\/elevatedmind.com.br\\\/blog\\\/author\\\/julianadarochadesouza\\\/#author\"},\"creator\":{\"@id\":\"https:\\\/\\\/elevatedmind.com.br\\\/blog\\\/author\\\/julianadarochadesouza\\\/#author\"},\"image\":{\"@type\":\"ImageObject\",\"url\":\"https:\\\/\\\/elevatedmind.com.br\\\/blog\\\/wp-content\\\/uploads\\\/2026\\\/08\\\/Hair_dryer_brush_on_counter_202608131255.jpeg\",\"@id\":\"https:\\\/\\\/elevatedmind.com.br\\\/blog\\\/escova-secadora-e-secador\\\/#mainImage\",\"width\":2400,\"height\":1792},\"primaryImageOfPage\":{\"@id\":\"https:\\\/\\\/elevatedmind.com.br\\\/blog\\\/escova-secadora-e-secador\\\/#mainImage\"},\"datePublished\":\"2026-08-12T19:10:35+00:00\",\"dateModified\":\"2026-08-13T16:44:48+00:00\"},{\"@type\":\"WebSite\",\"@id\":\"https:\\\/\\\/elevatedmind.com.br\\\/blog\\\/#website\",\"url\":\"https:\\\/\\\/elevatedmind.com.br\\\/blog\\\/\",\"name\":\"Elevated Mind\",\"inLanguage\":\"pt-BR\",\"publisher\":{\"@id\":\"https:\\\/\\\/elevatedmind.com.br\\\/blog\\\/#organization\"}}]}\n\t\t<\/script>\n\t\t<!-- All in One SEO -->\n\n","aioseo_head_json":{"title":"Comprei a mesma escova secadora duas vezes \u2014 e n\u00e3o me arrependo - Elevated Mind","description":"A primeira durou quatro anos e meio. Por que voltei na mesma linha da Mondial Juliette e qual secador virou parceiro dela na minha rotina.","canonical_url":"https:\/\/elevatedmind.com.br\/blog\/escova-secadora-e-secador\/","robots":"max-image-preview:large","keywords":"","webmasterTools":{"miscellaneous":""},"schema":{"@context":"https:\/\/schema.org","@graph":[{"@type":"BlogPosting","@id":"https:\/\/elevatedmind.com.br\/blog\/escova-secadora-e-secador\/#blogposting","name":"Comprei a mesma escova secadora duas vezes \u2014 e n\u00e3o me arrependo - Elevated Mind","headline":"Comprei a mesma escova secadora duas vezes \u2014 e n\u00e3o me arrependo","author":{"@id":"https:\/\/elevatedmind.com.br\/blog\/author\/julianadarochadesouza\/#author"},"publisher":{"@id":"https:\/\/elevatedmind.com.br\/blog\/#organization"},"image":{"@type":"ImageObject","url":"https:\/\/elevatedmind.com.br\/blog\/wp-content\/uploads\/2026\/08\/Hair_dryer_brush_on_counter_202608131255.jpeg","width":2400,"height":1792},"datePublished":"2026-08-12T19:10:35+00:00","dateModified":"2026-08-13T16:44:48+00:00","inLanguage":"pt-BR","mainEntityOfPage":{"@id":"https:\/\/elevatedmind.com.br\/blog\/escova-secadora-e-secador\/#webpage"},"isPartOf":{"@id":"https:\/\/elevatedmind.com.br\/blog\/escova-secadora-e-secador\/#webpage"},"articleSection":"Styling Capilar"},{"@type":"BreadcrumbList","@id":"https:\/\/elevatedmind.com.br\/blog\/escova-secadora-e-secador\/#breadcrumblist","itemListElement":[{"@type":"ListItem","@id":"https:\/\/elevatedmind.com.br\/blog#listItem","position":1,"name":"Home","item":"https:\/\/elevatedmind.com.br\/blog","nextItem":{"@type":"ListItem","@id":"https:\/\/elevatedmind.com.br\/blog\/category\/styling-capilar\/#listItem","name":"Styling Capilar"}},{"@type":"ListItem","@id":"https:\/\/elevatedmind.com.br\/blog\/category\/styling-capilar\/#listItem","position":2,"name":"Styling Capilar","item":"https:\/\/elevatedmind.com.br\/blog\/category\/styling-capilar\/","nextItem":{"@type":"ListItem","@id":"https:\/\/elevatedmind.com.br\/blog\/escova-secadora-e-secador\/#listItem","name":"Comprei a mesma escova secadora duas vezes \u2014 e n\u00e3o me arrependo"},"previousItem":{"@type":"ListItem","@id":"https:\/\/elevatedmind.com.br\/blog#listItem","name":"Home"}},{"@type":"ListItem","@id":"https:\/\/elevatedmind.com.br\/blog\/escova-secadora-e-secador\/#listItem","position":3,"name":"Comprei a mesma escova secadora duas vezes \u2014 e n\u00e3o me arrependo","previousItem":{"@type":"ListItem","@id":"https:\/\/elevatedmind.com.br\/blog\/category\/styling-capilar\/#listItem","name":"Styling Capilar"}}]},{"@type":"Organization","@id":"https:\/\/elevatedmind.com.br\/blog\/#organization","name":"Elevated Mind","url":"https:\/\/elevatedmind.com.br\/blog\/"},{"@type":"Person","@id":"https:\/\/elevatedmind.com.br\/blog\/author\/julianadarochadesouza\/#author","url":"https:\/\/elevatedmind.com.br\/blog\/author\/julianadarochadesouza\/","name":"julianadarochadesouza","image":{"@type":"ImageObject","@id":"https:\/\/elevatedmind.com.br\/blog\/escova-secadora-e-secador\/#authorImage","url":"https:\/\/secure.gravatar.com\/avatar\/50af165a6fc0be071ecf24a6a80882e03b5d6b2f6d6984a6f12316016ff18914?s=96&d=mm&r=g","width":96,"height":96,"caption":"julianadarochadesouza"}},{"@type":"WebPage","@id":"https:\/\/elevatedmind.com.br\/blog\/escova-secadora-e-secador\/#webpage","url":"https:\/\/elevatedmind.com.br\/blog\/escova-secadora-e-secador\/","name":"Comprei a mesma escova secadora duas vezes \u2014 e n\u00e3o me arrependo - Elevated Mind","description":"A primeira durou quatro anos e meio. Por que voltei na mesma linha da Mondial Juliette e qual secador virou parceiro dela na minha rotina.","inLanguage":"pt-BR","isPartOf":{"@id":"https:\/\/elevatedmind.com.br\/blog\/#website"},"breadcrumb":{"@id":"https:\/\/elevatedmind.com.br\/blog\/escova-secadora-e-secador\/#breadcrumblist"},"author":{"@id":"https:\/\/elevatedmind.com.br\/blog\/author\/julianadarochadesouza\/#author"},"creator":{"@id":"https:\/\/elevatedmind.com.br\/blog\/author\/julianadarochadesouza\/#author"},"image":{"@type":"ImageObject","url":"https:\/\/elevatedmind.com.br\/blog\/wp-content\/uploads\/2026\/08\/Hair_dryer_brush_on_counter_202608131255.jpeg","@id":"https:\/\/elevatedmind.com.br\/blog\/escova-secadora-e-secador\/#mainImage","width":2400,"height":1792},"primaryImageOfPage":{"@id":"https:\/\/elevatedmind.com.br\/blog\/escova-secadora-e-secador\/#mainImage"},"datePublished":"2026-08-12T19:10:35+00:00","dateModified":"2026-08-13T16:44:48+00:00"},{"@type":"WebSite","@id":"https:\/\/elevatedmind.com.br\/blog\/#website","url":"https:\/\/elevatedmind.com.br\/blog\/","name":"Elevated Mind","inLanguage":"pt-BR","publisher":{"@id":"https:\/\/elevatedmind.com.br\/blog\/#organization"}}]},"og:locale":"pt_BR","og:site_name":"Elevated Mind -","og:type":"article","og:title":"Comprei a mesma escova secadora duas vezes \u2014 e n\u00e3o me arrependo - Elevated Mind","og:description":"A primeira durou quatro anos e meio. Por que voltei na mesma linha da Mondial Juliette e qual secador virou parceiro dela na minha rotina.","og:url":"https:\/\/elevatedmind.com.br\/blog\/escova-secadora-e-secador\/","article:published_time":"2026-08-12T19:10:35+00:00","article:modified_time":"2026-08-13T16:44:48+00:00","twitter:card":"summary_large_image","twitter:title":"Comprei a mesma escova secadora duas vezes \u2014 e n\u00e3o me arrependo - Elevated Mind","twitter:description":"A primeira durou quatro anos e meio. Por que voltei na mesma linha da Mondial Juliette e qual secador virou parceiro dela na minha rotina."},"aioseo_meta_data":{"post_id":"18","title":null,"description":null,"keywords":null,"keyphrases":{"focus":{"keyphrase":"","score":0,"analysis":{"keyphraseInTitle":{"score":0,"maxScore":9,"error":1}}},"additional":[]},"focus_keyword":null,"additional_keywords":null,"truseo_locale":null,"primary_term":null,"canonical_url":null,"og_title":null,"og_description":null,"og_object_type":"default","og_image_type":"default","og_image_custom_url":null,"og_image_custom_fields":null,"og_image_url":null,"og_image_width":null,"og_image_height":null,"og_video":"","og_custom_url":null,"og_article_section":null,"og_article_tags":null,"twitter_use_og":false,"twitter_card":"default","twitter_image_type":"default","twitter_image_custom_url":null,"twitter_image_custom_fields":null,"twitter_image_url":null,"twitter_title":null,"twitter_description":null,"schema_type":"default","schema_type_options":null,"schema":{"blockGraphs":[],"customGraphs":[],"default":{"data":{"Article":[],"Course":[],"Dataset":[],"FAQPage":[],"Movie":[],"Person":[],"Product":[],"ProductReview":[],"Car":[],"Recipe":[],"Service":[],"SoftwareApplication":[],"WebPage":[]},"graphName":"BlogPosting","isEnabled":true},"graphs":[]},"pillar_content":false,"robots_default":true,"robots_noindex":false,"robots_noarchive":false,"robots_nosnippet":false,"robots_nofollow":false,"robots_noimageindex":false,"robots_noodp":false,"robots_notranslate":false,"robots_max_snippet":"-1","robots_max_videopreview":"-1","robots_max_imagepreview":"large","priority":null,"frequency":"default","local_seo":null,"limit_modified_date":false,"ai":{"faqs":[],"keyPoints":[],"schemas":[],"titles":[],"descriptions":[],"socialPosts":{"email":{"subject":"","preview":"","content":""},"linkedin":[],"twitter":[],"facebook":[],"instagram":[]}},"breadcrumb_settings":null,"seo_analyzer_scan_date":null,"created":"2026-08-12 19:10:37","updated":"2026-08-13 16:45:15"},"aioseo_breadcrumb":"<div class=\"aioseo-breadcrumbs\"><span class=\"aioseo-breadcrumb\">\n\t\t\t<a href=\"https:\/\/elevatedmind.com.br\/blog\" title=\"Home\">Home<\/a>\n\t\t<\/span><span class=\"aioseo-breadcrumb-separator\">&raquo;<\/span><span class=\"aioseo-breadcrumb\">\n\t\t\t<a href=\"https:\/\/elevatedmind.com.br\/blog\/category\/styling-capilar\/\" title=\"Styling Capilar\">Styling Capilar<\/a>\n\t\t<\/span><span class=\"aioseo-breadcrumb-separator\">&raquo;<\/span><span class=\"aioseo-breadcrumb\">\n\t\t\tComprei a mesma escova secadora duas vezes \u2014 e n\u00e3o me arrependo\n\t\t<\/span><\/div>","aioseo_breadcrumb_json":[{"label":"Home","link":"https:\/\/elevatedmind.com.br\/blog"},{"label":"Styling Capilar","link":"https:\/\/elevatedmind.com.br\/blog\/category\/styling-capilar\/"},{"label":"Comprei a mesma escova secadora duas vezes \u2014 e n\u00e3o me arrependo","link":"https:\/\/elevatedmind.com.br\/blog\/escova-secadora-e-secador\/"}],"_links":{"self":[{"href":"https:\/\/elevatedmind.com.br\/blog\/wp-json\/wp\/v2\/posts\/18","targetHints":{"allow":["GET"]}}],"collection":[{"href":"https:\/\/elevatedmind.com.br\/blog\/wp-json\/wp\/v2\/posts"}],"about":[{"href":"https:\/\/elevatedmind.com.br\/blog\/wp-json\/wp\/v2\/types\/post"}],"author":[{"embeddable":true,"href":"https:\/\/elevatedmind.com.br\/blog\/wp-json\/wp\/v2\/users\/1"}],"replies":[{"embeddable":true,"href":"https:\/\/elevatedmind.com.br\/blog\/wp-json\/wp\/v2\/comments?post=18"}],"version-history":[{"count":1,"href":"https:\/\/elevatedmind.com.br\/blog\/wp-json\/wp\/v2\/posts\/18\/revisions"}],"predecessor-version":[{"id":19,"href":"https:\/\/elevatedmind.com.br\/blog\/wp-json\/wp\/v2\/posts\/18\/revisions\/19"}],"wp:featuredmedia":[{"embeddable":true,"href":"https:\/\/elevatedmind.com.br\/blog\/wp-json\/wp\/v2\/media\/31"}],"wp:attachment":[{"href":"https:\/\/elevatedmind.com.br\/blog\/wp-json\/wp\/v2\/media?parent=18"}],"wp:term":[{"taxonomy":"category","embeddable":true,"href":"https:\/\/elevatedmind.com.br\/blog\/wp-json\/wp\/v2\/categories?post=18"},{"taxonomy":"post_tag","embeddable":true,"href":"https:\/\/elevatedmind.com.br\/blog\/wp-json\/wp\/v2\/tags?post=18"}],"curies":[{"name":"wp","href":"https:\/\/api.w.org\/{rel}","templated":true}]}}