{"id":20,"date":"2026-08-12T19:36:16","date_gmt":"2026-08-12T19:36:16","guid":{"rendered":"https:\/\/elevatedmind.com.br\/blog\/?p=20"},"modified":"2026-08-13T13:38:38","modified_gmt":"2026-08-13T13:38:38","slug":"meditar-mal-tambem-conta","status":"publish","type":"post","link":"https:\/\/elevatedmind.com.br\/blog\/meditar-mal-tambem-conta\/","title":{"rendered":"Meditar mal tamb\u00e9m conta"},"content":{"rendered":"<p class=\"intro\">Sentei, fechei os olhos, e em oito segundos estava pensando na conta de luz. Voltei pra respira\u00e7\u00e3o. Pensei no que ia almo\u00e7ar. Voltei. Lembrei de uma conversa de 2019 que me deu raiva. Abri os olhos e conclu\u00ed: n\u00e3o \u00e9 pra mim.<\/p>\n<p>Levei tempo demais pra entender que aquilo n\u00e3o era o fracasso da medita\u00e7\u00e3o. Aquilo <strong>era<\/strong> a medita\u00e7\u00e3o.<\/p>\n<h2>O erro est\u00e1 na expectativa, n\u00e3o na pr\u00e1tica<\/h2>\n<p>A gente imagina que meditar \u00e9 atingir um estado de sil\u00eancio mental \u2014 uma tela em branco, paz absoluta, nada de pensamento. A\u00ed senta, a cabe\u00e7a continua tagarelando e a conclus\u00e3o \u00e9 \u00f3bvia: falhei.<\/p>\n<p>S\u00f3 que o exerc\u00edcio nunca foi n\u00e3o pensar. \u00c9 perceber que pensou e voltar. Cada vez que voc\u00ea percebe a distra\u00e7\u00e3o e retorna, o exerc\u00edcio aconteceu. \u00c9 como uma flex\u00e3o: a parte que treina \u00e9 a subida, n\u00e3o ficar parada em cima.<\/p>\n<blockquote><p>Se voc\u00ea se distraiu quarenta vezes e voltou quarenta vezes, voc\u00ea fez quarenta repeti\u00e7\u00f5es. Foi uma sess\u00e3o excelente.<\/p><\/blockquote>\n<h2>Cinco minutos ruins valem mais que vinte perfeitos<\/h2>\n<p>O erro seguinte \u00e9 de dose. A gente come\u00e7a querendo vinte minutos porque foi isso que o aplicativo sugeriu, aguenta dois dias e some por tr\u00eas meses.<\/p>\n<p>Cinco minutos parece pouco demais pra fazer diferen\u00e7a \u2014 e \u00e9 exatamente por isso que funciona. \u00c9 curto o suficiente pra voc\u00ea n\u00e3o ter desculpa em dia ruim, e dia ruim \u00e9 o \u00fanico dia que importa pra formar h\u00e1bito.<\/p>\n<h3>Um jeito que costuma dar certo<\/h3>\n<ul>\n<li><strong>Sente onde j\u00e1 d\u00e1<\/strong> \u2014 cadeira, sof\u00e1, cama. Postura de l\u00f3tus n\u00e3o \u00e9 requisito.<\/li>\n<li><strong>Cinco minutos no timer<\/strong>, e n\u00e3o mais. Se der vontade de continuar, \u00f3timo \u2014 mas termine antes de cansar.<\/li>\n<li><strong>Ancore na respira\u00e7\u00e3o<\/strong>, sem controlar. S\u00f3 repare no ar entrando e saindo.<\/li>\n<li><strong>Quando perceber que viajou<\/strong>, volte. Sem xingar voc\u00ea mesma \u2014 o xingamento tamb\u00e9m \u00e9 um pensamento.<\/li>\n<li><strong>Acabou, acabou.<\/strong> N\u00e3o avalie a sess\u00e3o. &#8220;Foi boa ou ruim?&#8221; \u00e9 a pergunta que faz a gente desistir.<\/li>\n<\/ul>\n<h2>Quando o sil\u00eancio incomoda<\/h2>\n<p>Tem gente que fica ansiosa em sil\u00eancio, e isso \u00e9 comum. Nesses casos, medita\u00e7\u00e3o guiada funciona melhor no come\u00e7o \u2014 ter uma voz conduzindo d\u00e1 onde apoiar. Movimento tamb\u00e9m vale: yoga lenta, caminhada prestando aten\u00e7\u00e3o nos p\u00e9s, lavar lou\u00e7a reparando na \u00e1gua. A aten\u00e7\u00e3o \u00e9 a mesma; o suporte \u00e9 que muda.<\/p>\n<div class=\"rec-box\">\n        <span class=\"rec-label\">O que a gente usa<\/span><\/p>\n<h4>Almofada de medita\u00e7\u00e3o (zafu)<\/h4>\n<p>N\u00e3o \u00e9 obrigat\u00f3ria \u2014 mas se o seu inc\u00f4modo \u00e9 dor nas costas ou no joelho depois de cinco minutos, ela resolve. Elevar o quadril tira o peso da lombar e a pr\u00e1tica deixa de ser uma negocia\u00e7\u00e3o com o corpo.<\/p>\n<p>        <a href=\"https:\/\/meli.la\/2QQWSBN\" class=\"btn-lime\" rel=\"sponsored nofollow\" target=\"_blank\">Ver no Mercado Livre <span class=\"circle\"><svg viewBox=\"0 0 24 24\" fill=\"none\" stroke-width=\"2.4\" stroke-linecap=\"round\" stroke-linejoin=\"round\"><path d=\"M7 17 17 7M9 7h8v8\"\/><\/svg><\/span><\/a>\n      <\/div>\n<h2>O que muda de verdade<\/h2>\n<p>N\u00e3o espere serenidade permanente. O que costuma aparecer, depois de algumas semanas, \u00e9 mais sutil: voc\u00ea percebe a irrita\u00e7\u00e3o chegando um segundo antes de reagir. Esse segundo \u00e9 o ganho \u2014 e ele \u00e9 maior do que parece.<\/p>\n<hr \/>\n<p>Se voc\u00ea j\u00e1 tentou e largou, tenta de novo com a r\u00e9gua mais baixa: cinco minutos, distra\u00edda mesmo, sem avaliar depois. Meditar mal, com const\u00e2ncia, vence meditar bem uma vez por m\u00eas.<\/p>\n","protected":false},"excerpt":{"rendered":"<p>Cinco minutos distra\u00eddos ainda s\u00e3o cinco minutos. Um guia para quem desiste na terceira tentativa e acha que o problema \u00e9 voc\u00ea.<\/p>\n","protected":false},"author":1,"featured_media":27,"comment_status":"open","ping_status":"open","sticky":false,"template":"","format":"standard","meta":{"footnotes":""},"categories":[5],"tags":[],"class_list":["post-20","post","type-post","status-publish","format-standard","has-post-thumbnail","hentry","category-meditacao-yoga"],"aioseo_notices":[],"aioseo_head":"\n\t\t<!-- All in One SEO 5.0.0.1 - aioseo.com -->\n\t<meta name=\"description\" content=\"Cinco minutos distra\u00eddos ainda s\u00e3o cinco minutos. Um guia para quem desiste na terceira tentativa e acha que o problema \u00e9 voc\u00ea.\" \/>\n\t<meta name=\"robots\" content=\"max-image-preview:large\" \/>\n\t<meta name=\"author\" content=\"julianadarochadesouza\"\/>\n\t<link rel=\"canonical\" href=\"https:\/\/elevatedmind.com.br\/blog\/meditar-mal-tambem-conta\/\" \/>\n\t<meta name=\"generator\" content=\"All in One SEO (AIOSEO) 5.0.0.1\" \/>\n\t\t<meta property=\"og:locale\" content=\"pt_BR\" \/>\n\t\t<meta property=\"og:site_name\" content=\"Elevated Mind -\" \/>\n\t\t<meta property=\"og:type\" content=\"article\" \/>\n\t\t<meta property=\"og:title\" content=\"Meditar mal tamb\u00e9m conta - Elevated Mind\" \/>\n\t\t<meta property=\"og:description\" content=\"Cinco minutos distra\u00eddos ainda s\u00e3o cinco minutos. Um guia para quem desiste na terceira tentativa e acha que o problema \u00e9 voc\u00ea.\" \/>\n\t\t<meta property=\"og:url\" content=\"https:\/\/elevatedmind.com.br\/blog\/meditar-mal-tambem-conta\/\" \/>\n\t\t<meta property=\"article:published_time\" content=\"2026-08-12T19:36:16+00:00\" \/>\n\t\t<meta property=\"article:modified_time\" content=\"2026-08-13T13:38:38+00:00\" \/>\n\t\t<meta name=\"twitter:card\" content=\"summary_large_image\" \/>\n\t\t<meta name=\"twitter:title\" content=\"Meditar mal tamb\u00e9m conta - Elevated Mind\" \/>\n\t\t<meta name=\"twitter:description\" content=\"Cinco minutos distra\u00eddos ainda s\u00e3o cinco minutos. Um guia para quem desiste na terceira tentativa e acha que o problema \u00e9 voc\u00ea.\" \/>\n\t\t<script type=\"application\/ld+json\" class=\"aioseo-schema\">\n\t\t\t{\"@context\":\"https:\\\/\\\/schema.org\",\"@graph\":[{\"@type\":\"BlogPosting\",\"@id\":\"https:\\\/\\\/elevatedmind.com.br\\\/blog\\\/meditar-mal-tambem-conta\\\/#blogposting\",\"name\":\"Meditar mal tamb\\u00e9m conta - Elevated Mind\",\"headline\":\"Meditar mal tamb\\u00e9m conta\",\"author\":{\"@id\":\"https:\\\/\\\/elevatedmind.com.br\\\/blog\\\/author\\\/julianadarochadesouza\\\/#author\"},\"publisher\":{\"@id\":\"https:\\\/\\\/elevatedmind.com.br\\\/blog\\\/#organization\"},\"image\":{\"@type\":\"ImageObject\",\"url\":\"https:\\\/\\\/elevatedmind.com.br\\\/blog\\\/wp-content\\\/uploads\\\/2026\\\/08\\\/Gemini_Generated_Image_k2su0fk2su0fk2su.png\",\"width\":1792,\"height\":2390},\"datePublished\":\"2026-08-12T19:36:16+00:00\",\"dateModified\":\"2026-08-13T13:38:38+00:00\",\"inLanguage\":\"pt-BR\",\"mainEntityOfPage\":{\"@id\":\"https:\\\/\\\/elevatedmind.com.br\\\/blog\\\/meditar-mal-tambem-conta\\\/#webpage\"},\"isPartOf\":{\"@id\":\"https:\\\/\\\/elevatedmind.com.br\\\/blog\\\/meditar-mal-tambem-conta\\\/#webpage\"},\"articleSection\":\"Medita\\u00e7\\u00e3o &amp; Yoga\"},{\"@type\":\"BreadcrumbList\",\"@id\":\"https:\\\/\\\/elevatedmind.com.br\\\/blog\\\/meditar-mal-tambem-conta\\\/#breadcrumblist\",\"itemListElement\":[{\"@type\":\"ListItem\",\"@id\":\"https:\\\/\\\/elevatedmind.com.br\\\/blog#listItem\",\"position\":1,\"name\":\"Home\",\"item\":\"https:\\\/\\\/elevatedmind.com.br\\\/blog\",\"nextItem\":{\"@type\":\"ListItem\",\"@id\":\"https:\\\/\\\/elevatedmind.com.br\\\/blog\\\/category\\\/meditacao-yoga\\\/#listItem\",\"name\":\"Medita\\u00e7\\u00e3o &amp; Yoga\"}},{\"@type\":\"ListItem\",\"@id\":\"https:\\\/\\\/elevatedmind.com.br\\\/blog\\\/category\\\/meditacao-yoga\\\/#listItem\",\"position\":2,\"name\":\"Medita\\u00e7\\u00e3o &amp; Yoga\",\"item\":\"https:\\\/\\\/elevatedmind.com.br\\\/blog\\\/category\\\/meditacao-yoga\\\/\",\"nextItem\":{\"@type\":\"ListItem\",\"@id\":\"https:\\\/\\\/elevatedmind.com.br\\\/blog\\\/meditar-mal-tambem-conta\\\/#listItem\",\"name\":\"Meditar mal tamb\\u00e9m conta\"},\"previousItem\":{\"@type\":\"ListItem\",\"@id\":\"https:\\\/\\\/elevatedmind.com.br\\\/blog#listItem\",\"name\":\"Home\"}},{\"@type\":\"ListItem\",\"@id\":\"https:\\\/\\\/elevatedmind.com.br\\\/blog\\\/meditar-mal-tambem-conta\\\/#listItem\",\"position\":3,\"name\":\"Meditar mal tamb\\u00e9m conta\",\"previousItem\":{\"@type\":\"ListItem\",\"@id\":\"https:\\\/\\\/elevatedmind.com.br\\\/blog\\\/category\\\/meditacao-yoga\\\/#listItem\",\"name\":\"Medita\\u00e7\\u00e3o &amp; Yoga\"}}]},{\"@type\":\"Organization\",\"@id\":\"https:\\\/\\\/elevatedmind.com.br\\\/blog\\\/#organization\",\"name\":\"Elevated Mind\",\"url\":\"https:\\\/\\\/elevatedmind.com.br\\\/blog\\\/\"},{\"@type\":\"Person\",\"@id\":\"https:\\\/\\\/elevatedmind.com.br\\\/blog\\\/author\\\/julianadarochadesouza\\\/#author\",\"url\":\"https:\\\/\\\/elevatedmind.com.br\\\/blog\\\/author\\\/julianadarochadesouza\\\/\",\"name\":\"julianadarochadesouza\",\"image\":{\"@type\":\"ImageObject\",\"@id\":\"https:\\\/\\\/elevatedmind.com.br\\\/blog\\\/meditar-mal-tambem-conta\\\/#authorImage\",\"url\":\"https:\\\/\\\/secure.gravatar.com\\\/avatar\\\/50af165a6fc0be071ecf24a6a80882e03b5d6b2f6d6984a6f12316016ff18914?s=96&d=mm&r=g\",\"width\":96,\"height\":96,\"caption\":\"julianadarochadesouza\"}},{\"@type\":\"WebPage\",\"@id\":\"https:\\\/\\\/elevatedmind.com.br\\\/blog\\\/meditar-mal-tambem-conta\\\/#webpage\",\"url\":\"https:\\\/\\\/elevatedmind.com.br\\\/blog\\\/meditar-mal-tambem-conta\\\/\",\"name\":\"Meditar mal tamb\\u00e9m conta - Elevated Mind\",\"description\":\"Cinco minutos distra\\u00eddos ainda s\\u00e3o cinco minutos. Um guia para quem desiste na terceira tentativa e acha que o problema \\u00e9 voc\\u00ea.\",\"inLanguage\":\"pt-BR\",\"isPartOf\":{\"@id\":\"https:\\\/\\\/elevatedmind.com.br\\\/blog\\\/#website\"},\"breadcrumb\":{\"@id\":\"https:\\\/\\\/elevatedmind.com.br\\\/blog\\\/meditar-mal-tambem-conta\\\/#breadcrumblist\"},\"author\":{\"@id\":\"https:\\\/\\\/elevatedmind.com.br\\\/blog\\\/author\\\/julianadarochadesouza\\\/#author\"},\"creator\":{\"@id\":\"https:\\\/\\\/elevatedmind.com.br\\\/blog\\\/author\\\/julianadarochadesouza\\\/#author\"},\"image\":{\"@type\":\"ImageObject\",\"url\":\"https:\\\/\\\/elevatedmind.com.br\\\/blog\\\/wp-content\\\/uploads\\\/2026\\\/08\\\/Gemini_Generated_Image_k2su0fk2su0fk2su.png\",\"@id\":\"https:\\\/\\\/elevatedmind.com.br\\\/blog\\\/meditar-mal-tambem-conta\\\/#mainImage\",\"width\":1792,\"height\":2390},\"primaryImageOfPage\":{\"@id\":\"https:\\\/\\\/elevatedmind.com.br\\\/blog\\\/meditar-mal-tambem-conta\\\/#mainImage\"},\"datePublished\":\"2026-08-12T19:36:16+00:00\",\"dateModified\":\"2026-08-13T13:38:38+00:00\"},{\"@type\":\"WebSite\",\"@id\":\"https:\\\/\\\/elevatedmind.com.br\\\/blog\\\/#website\",\"url\":\"https:\\\/\\\/elevatedmind.com.br\\\/blog\\\/\",\"name\":\"Elevated Mind\",\"inLanguage\":\"pt-BR\",\"publisher\":{\"@id\":\"https:\\\/\\\/elevatedmind.com.br\\\/blog\\\/#organization\"}}]}\n\t\t<\/script>\n\t\t<!-- All in One SEO -->\n\n","aioseo_head_json":{"title":"Meditar mal tamb\u00e9m conta - Elevated Mind","description":"Cinco minutos distra\u00eddos ainda s\u00e3o cinco minutos. Um guia para quem desiste na terceira tentativa e acha que o problema \u00e9 voc\u00ea.","canonical_url":"https:\/\/elevatedmind.com.br\/blog\/meditar-mal-tambem-conta\/","robots":"max-image-preview:large","keywords":"","webmasterTools":{"miscellaneous":""},"schema":{"@context":"https:\/\/schema.org","@graph":[{"@type":"BlogPosting","@id":"https:\/\/elevatedmind.com.br\/blog\/meditar-mal-tambem-conta\/#blogposting","name":"Meditar mal tamb\u00e9m conta - Elevated Mind","headline":"Meditar mal tamb\u00e9m conta","author":{"@id":"https:\/\/elevatedmind.com.br\/blog\/author\/julianadarochadesouza\/#author"},"publisher":{"@id":"https:\/\/elevatedmind.com.br\/blog\/#organization"},"image":{"@type":"ImageObject","url":"https:\/\/elevatedmind.com.br\/blog\/wp-content\/uploads\/2026\/08\/Gemini_Generated_Image_k2su0fk2su0fk2su.png","width":1792,"height":2390},"datePublished":"2026-08-12T19:36:16+00:00","dateModified":"2026-08-13T13:38:38+00:00","inLanguage":"pt-BR","mainEntityOfPage":{"@id":"https:\/\/elevatedmind.com.br\/blog\/meditar-mal-tambem-conta\/#webpage"},"isPartOf":{"@id":"https:\/\/elevatedmind.com.br\/blog\/meditar-mal-tambem-conta\/#webpage"},"articleSection":"Medita\u00e7\u00e3o &amp; Yoga"},{"@type":"BreadcrumbList","@id":"https:\/\/elevatedmind.com.br\/blog\/meditar-mal-tambem-conta\/#breadcrumblist","itemListElement":[{"@type":"ListItem","@id":"https:\/\/elevatedmind.com.br\/blog#listItem","position":1,"name":"Home","item":"https:\/\/elevatedmind.com.br\/blog","nextItem":{"@type":"ListItem","@id":"https:\/\/elevatedmind.com.br\/blog\/category\/meditacao-yoga\/#listItem","name":"Medita\u00e7\u00e3o &amp; Yoga"}},{"@type":"ListItem","@id":"https:\/\/elevatedmind.com.br\/blog\/category\/meditacao-yoga\/#listItem","position":2,"name":"Medita\u00e7\u00e3o &amp; Yoga","item":"https:\/\/elevatedmind.com.br\/blog\/category\/meditacao-yoga\/","nextItem":{"@type":"ListItem","@id":"https:\/\/elevatedmind.com.br\/blog\/meditar-mal-tambem-conta\/#listItem","name":"Meditar mal tamb\u00e9m conta"},"previousItem":{"@type":"ListItem","@id":"https:\/\/elevatedmind.com.br\/blog#listItem","name":"Home"}},{"@type":"ListItem","@id":"https:\/\/elevatedmind.com.br\/blog\/meditar-mal-tambem-conta\/#listItem","position":3,"name":"Meditar mal tamb\u00e9m conta","previousItem":{"@type":"ListItem","@id":"https:\/\/elevatedmind.com.br\/blog\/category\/meditacao-yoga\/#listItem","name":"Medita\u00e7\u00e3o &amp; Yoga"}}]},{"@type":"Organization","@id":"https:\/\/elevatedmind.com.br\/blog\/#organization","name":"Elevated Mind","url":"https:\/\/elevatedmind.com.br\/blog\/"},{"@type":"Person","@id":"https:\/\/elevatedmind.com.br\/blog\/author\/julianadarochadesouza\/#author","url":"https:\/\/elevatedmind.com.br\/blog\/author\/julianadarochadesouza\/","name":"julianadarochadesouza","image":{"@type":"ImageObject","@id":"https:\/\/elevatedmind.com.br\/blog\/meditar-mal-tambem-conta\/#authorImage","url":"https:\/\/secure.gravatar.com\/avatar\/50af165a6fc0be071ecf24a6a80882e03b5d6b2f6d6984a6f12316016ff18914?s=96&d=mm&r=g","width":96,"height":96,"caption":"julianadarochadesouza"}},{"@type":"WebPage","@id":"https:\/\/elevatedmind.com.br\/blog\/meditar-mal-tambem-conta\/#webpage","url":"https:\/\/elevatedmind.com.br\/blog\/meditar-mal-tambem-conta\/","name":"Meditar mal tamb\u00e9m conta - Elevated Mind","description":"Cinco minutos distra\u00eddos ainda s\u00e3o cinco minutos. Um guia para quem desiste na terceira tentativa e acha que o problema \u00e9 voc\u00ea.","inLanguage":"pt-BR","isPartOf":{"@id":"https:\/\/elevatedmind.com.br\/blog\/#website"},"breadcrumb":{"@id":"https:\/\/elevatedmind.com.br\/blog\/meditar-mal-tambem-conta\/#breadcrumblist"},"author":{"@id":"https:\/\/elevatedmind.com.br\/blog\/author\/julianadarochadesouza\/#author"},"creator":{"@id":"https:\/\/elevatedmind.com.br\/blog\/author\/julianadarochadesouza\/#author"},"image":{"@type":"ImageObject","url":"https:\/\/elevatedmind.com.br\/blog\/wp-content\/uploads\/2026\/08\/Gemini_Generated_Image_k2su0fk2su0fk2su.png","@id":"https:\/\/elevatedmind.com.br\/blog\/meditar-mal-tambem-conta\/#mainImage","width":1792,"height":2390},"primaryImageOfPage":{"@id":"https:\/\/elevatedmind.com.br\/blog\/meditar-mal-tambem-conta\/#mainImage"},"datePublished":"2026-08-12T19:36:16+00:00","dateModified":"2026-08-13T13:38:38+00:00"},{"@type":"WebSite","@id":"https:\/\/elevatedmind.com.br\/blog\/#website","url":"https:\/\/elevatedmind.com.br\/blog\/","name":"Elevated Mind","inLanguage":"pt-BR","publisher":{"@id":"https:\/\/elevatedmind.com.br\/blog\/#organization"}}]},"og:locale":"pt_BR","og:site_name":"Elevated Mind -","og:type":"article","og:title":"Meditar mal tamb\u00e9m conta - Elevated Mind","og:description":"Cinco minutos distra\u00eddos ainda s\u00e3o cinco minutos. Um guia para quem desiste na terceira tentativa e acha que o problema \u00e9 voc\u00ea.","og:url":"https:\/\/elevatedmind.com.br\/blog\/meditar-mal-tambem-conta\/","article:published_time":"2026-08-12T19:36:16+00:00","article:modified_time":"2026-08-13T13:38:38+00:00","twitter:card":"summary_large_image","twitter:title":"Meditar mal tamb\u00e9m conta - Elevated Mind","twitter:description":"Cinco minutos distra\u00eddos ainda s\u00e3o cinco minutos. Um guia para quem desiste na terceira tentativa e acha que o problema \u00e9 voc\u00ea."},"aioseo_meta_data":{"post_id":"20","title":null,"description":null,"keywords":null,"keyphrases":{"focus":{"keyphrase":"","score":0,"analysis":{"keyphraseInTitle":{"score":0,"maxScore":9,"error":1}}},"additional":[]},"focus_keyword":null,"additional_keywords":null,"truseo_locale":null,"primary_term":null,"canonical_url":null,"og_title":null,"og_description":null,"og_object_type":"default","og_image_type":"default","og_image_custom_url":null,"og_image_custom_fields":null,"og_image_url":null,"og_image_width":null,"og_image_height":null,"og_video":"","og_custom_url":null,"og_article_section":null,"og_article_tags":null,"twitter_use_og":false,"twitter_card":"default","twitter_image_type":"default","twitter_image_custom_url":null,"twitter_image_custom_fields":null,"twitter_image_url":null,"twitter_title":null,"twitter_description":null,"schema_type":"default","schema_type_options":null,"schema":{"blockGraphs":[],"customGraphs":[],"default":{"data":{"Article":[],"Course":[],"Dataset":[],"FAQPage":[],"Movie":[],"Person":[],"Product":[],"ProductReview":[],"Car":[],"Recipe":[],"Service":[],"SoftwareApplication":[],"WebPage":[]},"graphName":"BlogPosting","isEnabled":true},"graphs":[]},"pillar_content":false,"robots_default":true,"robots_noindex":false,"robots_noarchive":false,"robots_nosnippet":false,"robots_nofollow":false,"robots_noimageindex":false,"robots_noodp":false,"robots_notranslate":false,"robots_max_snippet":"-1","robots_max_videopreview":"-1","robots_max_imagepreview":"large","priority":null,"frequency":"default","local_seo":null,"limit_modified_date":false,"ai":{"faqs":[],"keyPoints":[],"schemas":[],"titles":[],"descriptions":[],"socialPosts":{"email":{"subject":"","preview":"","content":""},"linkedin":[],"twitter":[],"facebook":[],"instagram":[]}},"breadcrumb_settings":null,"seo_analyzer_scan_date":null,"created":"2026-08-12 19:36:16","updated":"2026-08-13 13:57:05"},"aioseo_breadcrumb":"<div class=\"aioseo-breadcrumbs\"><span class=\"aioseo-breadcrumb\">\n\t\t\t<a href=\"https:\/\/elevatedmind.com.br\/blog\" title=\"Home\">Home<\/a>\n\t\t<\/span><span class=\"aioseo-breadcrumb-separator\">&raquo;<\/span><span class=\"aioseo-breadcrumb\">\n\t\t\t<a href=\"https:\/\/elevatedmind.com.br\/blog\/category\/meditacao-yoga\/\" title=\"Medita\u00e7\u00e3o &amp; Yoga\">Medita\u00e7\u00e3o &amp; Yoga<\/a>\n\t\t<\/span><span class=\"aioseo-breadcrumb-separator\">&raquo;<\/span><span class=\"aioseo-breadcrumb\">\n\t\t\tMeditar mal tamb\u00e9m conta\n\t\t<\/span><\/div>","aioseo_breadcrumb_json":[{"label":"Home","link":"https:\/\/elevatedmind.com.br\/blog"},{"label":"Medita\u00e7\u00e3o &amp; Yoga","link":"https:\/\/elevatedmind.com.br\/blog\/category\/meditacao-yoga\/"},{"label":"Meditar mal tamb\u00e9m conta","link":"https:\/\/elevatedmind.com.br\/blog\/meditar-mal-tambem-conta\/"}],"_links":{"self":[{"href":"https:\/\/elevatedmind.com.br\/blog\/wp-json\/wp\/v2\/posts\/20","targetHints":{"allow":["GET"]}}],"collection":[{"href":"https:\/\/elevatedmind.com.br\/blog\/wp-json\/wp\/v2\/posts"}],"about":[{"href":"https:\/\/elevatedmind.com.br\/blog\/wp-json\/wp\/v2\/types\/post"}],"author":[{"embeddable":true,"href":"https:\/\/elevatedmind.com.br\/blog\/wp-json\/wp\/v2\/users\/1"}],"replies":[{"embeddable":true,"href":"https:\/\/elevatedmind.com.br\/blog\/wp-json\/wp\/v2\/comments?post=20"}],"version-history":[{"count":1,"href":"https:\/\/elevatedmind.com.br\/blog\/wp-json\/wp\/v2\/posts\/20\/revisions"}],"predecessor-version":[{"id":21,"href":"https:\/\/elevatedmind.com.br\/blog\/wp-json\/wp\/v2\/posts\/20\/revisions\/21"}],"wp:featuredmedia":[{"embeddable":true,"href":"https:\/\/elevatedmind.com.br\/blog\/wp-json\/wp\/v2\/media\/27"}],"wp:attachment":[{"href":"https:\/\/elevatedmind.com.br\/blog\/wp-json\/wp\/v2\/media?parent=20"}],"wp:term":[{"taxonomy":"category","embeddable":true,"href":"https:\/\/elevatedmind.com.br\/blog\/wp-json\/wp\/v2\/categories?post=20"},{"taxonomy":"post_tag","embeddable":true,"href":"https:\/\/elevatedmind.com.br\/blog\/wp-json\/wp\/v2\/tags?post=20"}],"curies":[{"name":"wp","href":"https:\/\/api.w.org\/{rel}","templated":true}]}}